{"id":258759,"date":"2025-04-07T09:36:21","date_gmt":"2025-04-07T09:36:21","guid":{"rendered":"https:\/\/carcostadvisor.com\/?p=258759"},"modified":"2025-05-05T15:41:40","modified_gmt":"2025-05-05T15:41:40","slug":"nouveaux-tarifs-creg-a-partir-du-1er-avril-2025-pour-le-remboursement-de-lelectricite-facturee-a-domicile","status":"publish","type":"post","link":"https:\/\/carcostadvisor.com\/fr\/blog\/nouveaux-tarifs-creg-a-partir-du-1er-avril-2025-pour-le-remboursement-de-lelectricite-facturee-a-domicile\/","title":{"rendered":"Nouveaux tarifs CREG \u00e0 partir du 1er avril 2025 pour le remboursement de l&rsquo;\u00e9lectricit\u00e9 factur\u00e9e \u00e0 domicile"},"content":{"rendered":"<p><em>Le 5 d\u00e9cembre 2024, le SPF Finances a publi\u00e9 une circulaire fiscale relative au remboursement des frais d&rsquo;\u00e9lectricit\u00e9 domestique pour les voitures de soci\u00e9t\u00e9. Cette circulaire permet aux entreprises et aux employeurs d&rsquo;utiliser les tarifs de la CREG pour le remboursement des frais de recharge.<\/em><\/p>\n<p><strong style=\"color: #333333; font-size: 30px;\">Modifications des tarifs de la CREG pour le 2e trimestre 2025<\/strong><\/p>\n<p>La nouvelle m\u00e9thodologie s&rsquo;applique aux remboursements depuis le 1er janvier 2025 et est adapt\u00e9e trimestriellement. Les tarifs de la CREG pour le deuxi\u00e8me trimestre 2025 sont d\u00e9sormais connus.<\/p>\n<h1><strong>Remboursement sur base de taux r\u00e9els ou forfaitaires<\/strong><\/h1>\n<p>En principe, les remboursements de l&#8217;employeur doivent \u00eatre bas\u00e9s sur le tarif r\u00e9el que l&#8217;employ\u00e9 paie \u00e0 son fournisseur d&rsquo;\u00e9lectricit\u00e9. Toutefois, depuis le 1er janvier 2025, les employeurs peuvent \u00e9galement utiliser un tarif forfaitaire bas\u00e9 sur les tableaux de bord mensuels de la CREG, la Commission f\u00e9d\u00e9rale de r\u00e9gulation de l&rsquo;\u00e9nergie. Pour les calculs fiscaux, un taux moyen par trimestre est utilis\u00e9.<\/p>\n<p>Pour le deuxi\u00e8me trimestre 2025, le taux forfaitaire est d\u00e9termin\u00e9 sur base des prix moyens de l&rsquo;\u00e9lectricit\u00e9 de novembre 2024, d\u00e9cembre 2024 et janvier 2025. Ce tarif varie selon les r\u00e9gions et est d\u00e9termin\u00e9 en fonction du lieu de r\u00e9sidence de l&#8217;employ\u00e9.<\/p>\n<h1><strong>Taux forfaitaires maximaux de remboursement de la CREG<\/strong><\/h1>\n<p>Janvier &#8211; mars 2025<\/p>\n<p>&#8211; Flandre : 0,2822 \u20ac\/kWh<\/p>\n<p>&#8211; Bruxelles : 0,3294 \u20ac\/kWh<\/p>\n<p>&#8211; Wallonie : 0,3256 \u20ac\/kWh<\/p>\n<p>Avril &#8211; juin 2025<\/p>\n<p>&#8211; Flandre : 0,3194 \u20ac\/kWh<\/p>\n<p>&#8211; Bruxelles : 0,3585 \u20ac\/kWh<\/p>\n<p>&#8211; Wallonie : 0,3617 \u20ac\/kWh<\/p>\n<h1><strong>Implications fiscales et perspectives d&rsquo;avenir<\/strong><\/h1>\n<p>Le taux forfaitaire de la CREG est un plafond fiscal, mais les employeurs peuvent \u00e9galement rembourser un montant inf\u00e9rieur. Les taux pour le deuxi\u00e8me trimestre 2025 sont plus \u00e9lev\u00e9s que ceux du premier trimestre, en partie \u00e0 cause de la hausse des prix de l&rsquo;\u00e9lectricit\u00e9. La mesure s&rsquo;applique provisoirement jusqu&rsquo;au 31 d\u00e9cembre 2025 et pourra \u00eatre prolong\u00e9e apr\u00e8s \u00e9valuation.<\/p>\n<p>Les entreprises qui appliquaient pr\u00e9c\u00e9demment le tarif CREG ne doivent pas s&rsquo;inqui\u00e9ter des p\u00e9nalit\u00e9s fiscales ou de l&rsquo;imputation d&rsquo;un avantage.<\/p>\n<h1><strong>Application aux stations de recharge et aux v\u00e9hicules multiples<\/strong><\/h1>\n<p>Les r\u00e8gles fiscales s&rsquo;appliquent \u00e9galement aux bornes de recharge achet\u00e9es \u00e0 titre priv\u00e9 par l&#8217;employ\u00e9. En outre, les r\u00e8gles s&rsquo;appliquent aux situations o\u00f9 plusieurs v\u00e9hicules de soci\u00e9t\u00e9 sont recharg\u00e9s \u00e0 la m\u00eame station de recharge, \u00e0 condition que chaque recharge soit mesur\u00e9e s\u00e9par\u00e9ment et de mani\u00e8re v\u00e9rifiable.<\/p>\n<p>&nbsp;<\/p>\n<p>Vous souhaitez en savoir plus sur ce changement et son impact sur votre flotte ? Contactez-nous ou restez inform\u00e9 via \u00e0 notre blog.<\/p>\n","protected":false},"excerpt":{"rendered":"<p>Le 5 d\u00e9cembre 2024, le SPF Finances a publi\u00e9 une circulaire fiscale relative au remboursement des frais d&rsquo;\u00e9lectricit\u00e9 domestique pour les voitures de soci\u00e9t\u00e9. Cette circulaire permet aux entreprises et aux employeurs d&rsquo;utiliser les tarifs de la CREG pour le remboursement des frais de recharge. Modifications des tarifs de la CREG pour le 2e trimestre [&hellip;]<\/p>\n","protected":false},"author":11,"featured_media":258750,"comment_status":"closed","ping_status":"open","sticky":false,"template":"","format":"standard","meta":{"_et_pb_use_builder":"","_et_pb_old_content":"","_et_gb_content_width":"","footnotes":""},"categories":[51],"tags":[],"dipi_cpt_category":[],"class_list":["post-258759","post","type-post","status-publish","format-standard","has-post-thumbnail","hentry","category-fiscalite"],"yoast_head":"<!-- This site is optimized with the Yoast SEO plugin v27.3 - https:\/\/yoast.com\/product\/yoast-seo-wordpress\/ -->\n<title>Nouveaux tarifs CREG \u00e0 partir du 1er avril 2025 pour le remboursement de l&#039;\u00e9lectricit\u00e9 factur\u00e9e \u00e0 domicile - Car Cost Advisor<\/title>\n<meta name=\"robots\" content=\"index, follow, max-snippet:-1, max-image-preview:large, max-video-preview:-1\" \/>\n<link rel=\"canonical\" href=\"https:\/\/carcostadvisor.com\/fr\/blog\/nouveaux-tarifs-creg-a-partir-du-1er-avril-2025-pour-le-remboursement-de-lelectricite-facturee-a-domicile\/\" \/>\n<meta property=\"og:locale\" content=\"fr_FR\" \/>\n<meta property=\"og:type\" content=\"article\" \/>\n<meta property=\"og:title\" content=\"Nouveaux tarifs CREG \u00e0 partir du 1er avril 2025 pour le remboursement de l&#039;\u00e9lectricit\u00e9 factur\u00e9e \u00e0 domicile - Car Cost Advisor\" \/>\n<meta property=\"og:description\" content=\"Le 5 d\u00e9cembre 2024, le SPF Finances a publi\u00e9 une circulaire fiscale relative au remboursement des frais d&rsquo;\u00e9lectricit\u00e9 domestique pour les voitures de soci\u00e9t\u00e9. Cette circulaire permet aux entreprises et aux employeurs d&rsquo;utiliser les tarifs de la CREG pour le remboursement des frais de recharge. Modifications des tarifs de la CREG pour le 2e trimestre [&hellip;]\" \/>\n<meta property=\"og:url\" content=\"https:\/\/carcostadvisor.com\/fr\/blog\/nouveaux-tarifs-creg-a-partir-du-1er-avril-2025-pour-le-remboursement-de-lelectricite-facturee-a-domicile\/\" \/>\n<meta property=\"og:site_name\" content=\"Car Cost Advisor\" \/>\n<meta property=\"article:published_time\" content=\"2025-04-07T09:36:21+00:00\" \/>\n<meta property=\"article:modified_time\" content=\"2025-05-05T15:41:40+00:00\" \/>\n<meta property=\"og:image\" content=\"https:\/\/carcostadvisor.com\/wp-content\/uploads\/2025\/04\/1200x1200-smart-fit-85.png\" \/>\n\t<meta property=\"og:image:width\" content=\"1200\" \/>\n\t<meta property=\"og:image:height\" content=\"675\" \/>\n\t<meta property=\"og:image:type\" content=\"image\/png\" \/>\n<meta name=\"author\" content=\"Benjamin Breny\" \/>\n<meta name=\"twitter:card\" content=\"summary_large_image\" \/>\n<meta name=\"twitter:label1\" content=\"\u00c9crit par\" \/>\n\t<meta name=\"twitter:data1\" content=\"Benjamin Breny\" \/>\n\t<meta name=\"twitter:label2\" content=\"Dur\u00e9e de lecture estim\u00e9e\" \/>\n\t<meta name=\"twitter:data2\" content=\"2 minutes\" \/>\n<script type=\"application\/ld+json\" class=\"yoast-schema-graph\">{\"@context\":\"https:\\\/\\\/schema.org\",\"@graph\":[{\"@type\":\"Article\",\"@id\":\"https:\\\/\\\/carcostadvisor.com\\\/fr\\\/blog\\\/nouveaux-tarifs-creg-a-partir-du-1er-avril-2025-pour-le-remboursement-de-lelectricite-facturee-a-domicile\\\/#article\",\"isPartOf\":{\"@id\":\"https:\\\/\\\/carcostadvisor.com\\\/fr\\\/blog\\\/nouveaux-tarifs-creg-a-partir-du-1er-avril-2025-pour-le-remboursement-de-lelectricite-facturee-a-domicile\\\/\"},\"author\":{\"name\":\"Benjamin Breny\",\"@id\":\"https:\\\/\\\/carcostadvisor.com\\\/fr\\\/#\\\/schema\\\/person\\\/3821ebd01c15edc79fe481b1cc9daf64\"},\"headline\":\"Nouveaux tarifs CREG \u00e0 partir du 1er avril 2025 pour le remboursement de l&rsquo;\u00e9lectricit\u00e9 factur\u00e9e \u00e0 domicile\",\"datePublished\":\"2025-04-07T09:36:21+00:00\",\"dateModified\":\"2025-05-05T15:41:40+00:00\",\"mainEntityOfPage\":{\"@id\":\"https:\\\/\\\/carcostadvisor.com\\\/fr\\\/blog\\\/nouveaux-tarifs-creg-a-partir-du-1er-avril-2025-pour-le-remboursement-de-lelectricite-facturee-a-domicile\\\/\"},\"wordCount\":449,\"publisher\":{\"@id\":\"https:\\\/\\\/carcostadvisor.com\\\/fr\\\/#organization\"},\"image\":{\"@id\":\"https:\\\/\\\/carcostadvisor.com\\\/fr\\\/blog\\\/nouveaux-tarifs-creg-a-partir-du-1er-avril-2025-pour-le-remboursement-de-lelectricite-facturee-a-domicile\\\/#primaryimage\"},\"thumbnailUrl\":\"https:\\\/\\\/carcostadvisor.com\\\/wp-content\\\/uploads\\\/2025\\\/04\\\/1200x1200-smart-fit-85.png\",\"articleSection\":[\"Fiscalit\u00e9\"],\"inLanguage\":\"fr-FR\"},{\"@type\":\"WebPage\",\"@id\":\"https:\\\/\\\/carcostadvisor.com\\\/fr\\\/blog\\\/nouveaux-tarifs-creg-a-partir-du-1er-avril-2025-pour-le-remboursement-de-lelectricite-facturee-a-domicile\\\/\",\"url\":\"https:\\\/\\\/carcostadvisor.com\\\/fr\\\/blog\\\/nouveaux-tarifs-creg-a-partir-du-1er-avril-2025-pour-le-remboursement-de-lelectricite-facturee-a-domicile\\\/\",\"name\":\"Nouveaux tarifs CREG \u00e0 partir du 1er avril 2025 pour le remboursement de l'\u00e9lectricit\u00e9 factur\u00e9e \u00e0 domicile - Car Cost Advisor\",\"isPartOf\":{\"@id\":\"https:\\\/\\\/carcostadvisor.com\\\/fr\\\/#website\"},\"primaryImageOfPage\":{\"@id\":\"https:\\\/\\\/carcostadvisor.com\\\/fr\\\/blog\\\/nouveaux-tarifs-creg-a-partir-du-1er-avril-2025-pour-le-remboursement-de-lelectricite-facturee-a-domicile\\\/#primaryimage\"},\"image\":{\"@id\":\"https:\\\/\\\/carcostadvisor.com\\\/fr\\\/blog\\\/nouveaux-tarifs-creg-a-partir-du-1er-avril-2025-pour-le-remboursement-de-lelectricite-facturee-a-domicile\\\/#primaryimage\"},\"thumbnailUrl\":\"https:\\\/\\\/carcostadvisor.com\\\/wp-content\\\/uploads\\\/2025\\\/04\\\/1200x1200-smart-fit-85.png\",\"datePublished\":\"2025-04-07T09:36:21+00:00\",\"dateModified\":\"2025-05-05T15:41:40+00:00\",\"breadcrumb\":{\"@id\":\"https:\\\/\\\/carcostadvisor.com\\\/fr\\\/blog\\\/nouveaux-tarifs-creg-a-partir-du-1er-avril-2025-pour-le-remboursement-de-lelectricite-facturee-a-domicile\\\/#breadcrumb\"},\"inLanguage\":\"fr-FR\",\"potentialAction\":[{\"@type\":\"ReadAction\",\"target\":[\"https:\\\/\\\/carcostadvisor.com\\\/fr\\\/blog\\\/nouveaux-tarifs-creg-a-partir-du-1er-avril-2025-pour-le-remboursement-de-lelectricite-facturee-a-domicile\\\/\"]}]},{\"@type\":\"ImageObject\",\"inLanguage\":\"fr-FR\",\"@id\":\"https:\\\/\\\/carcostadvisor.com\\\/fr\\\/blog\\\/nouveaux-tarifs-creg-a-partir-du-1er-avril-2025-pour-le-remboursement-de-lelectricite-facturee-a-domicile\\\/#primaryimage\",\"url\":\"https:\\\/\\\/carcostadvisor.com\\\/wp-content\\\/uploads\\\/2025\\\/04\\\/1200x1200-smart-fit-85.png\",\"contentUrl\":\"https:\\\/\\\/carcostadvisor.com\\\/wp-content\\\/uploads\\\/2025\\\/04\\\/1200x1200-smart-fit-85.png\",\"width\":1200,\"height\":675},{\"@type\":\"BreadcrumbList\",\"@id\":\"https:\\\/\\\/carcostadvisor.com\\\/fr\\\/blog\\\/nouveaux-tarifs-creg-a-partir-du-1er-avril-2025-pour-le-remboursement-de-lelectricite-facturee-a-domicile\\\/#breadcrumb\",\"itemListElement\":[{\"@type\":\"ListItem\",\"position\":1,\"name\":\"Home\",\"item\":\"https:\\\/\\\/carcostadvisor.com\\\/fr\\\/\"},{\"@type\":\"ListItem\",\"position\":2,\"name\":\"Nouveaux tarifs CREG \u00e0 partir du 1er avril 2025 pour le remboursement de l&#8217;\u00e9lectricit\u00e9 factur\u00e9e \u00e0 domicile\"}]},{\"@type\":\"WebSite\",\"@id\":\"https:\\\/\\\/carcostadvisor.com\\\/fr\\\/#website\",\"url\":\"https:\\\/\\\/carcostadvisor.com\\\/fr\\\/\",\"name\":\"Car Cost Advisor\",\"description\":\"En nog een WordPress site\",\"publisher\":{\"@id\":\"https:\\\/\\\/carcostadvisor.com\\\/fr\\\/#organization\"},\"potentialAction\":[{\"@type\":\"SearchAction\",\"target\":{\"@type\":\"EntryPoint\",\"urlTemplate\":\"https:\\\/\\\/carcostadvisor.com\\\/fr\\\/?s={search_term_string}\"},\"query-input\":{\"@type\":\"PropertyValueSpecification\",\"valueRequired\":true,\"valueName\":\"search_term_string\"}}],\"inLanguage\":\"fr-FR\"},{\"@type\":\"Organization\",\"@id\":\"https:\\\/\\\/carcostadvisor.com\\\/fr\\\/#organization\",\"name\":\"Car Cost Advisor\",\"url\":\"https:\\\/\\\/carcostadvisor.com\\\/fr\\\/\",\"logo\":{\"@type\":\"ImageObject\",\"inLanguage\":\"fr-FR\",\"@id\":\"https:\\\/\\\/carcostadvisor.com\\\/fr\\\/#\\\/schema\\\/logo\\\/image\\\/\",\"url\":\"https:\\\/\\\/carcostadvisor.com\\\/wp-content\\\/uploads\\\/2020\\\/01\\\/cca-logo-big.png\",\"contentUrl\":\"https:\\\/\\\/carcostadvisor.com\\\/wp-content\\\/uploads\\\/2020\\\/01\\\/cca-logo-big.png\",\"width\":558,\"height\":558,\"caption\":\"Car Cost Advisor\"},\"image\":{\"@id\":\"https:\\\/\\\/carcostadvisor.com\\\/fr\\\/#\\\/schema\\\/logo\\\/image\\\/\"}},{\"@type\":\"Person\",\"@id\":\"https:\\\/\\\/carcostadvisor.com\\\/fr\\\/#\\\/schema\\\/person\\\/3821ebd01c15edc79fe481b1cc9daf64\",\"name\":\"Benjamin Breny\",\"image\":{\"@type\":\"ImageObject\",\"inLanguage\":\"fr-FR\",\"@id\":\"https:\\\/\\\/secure.gravatar.com\\\/avatar\\\/4d7d631e0d0bdf9fab177c2fcb6606aaa2c413bc7883f41a5db04e4e8d83edce?s=96&d=mm&r=g\",\"url\":\"https:\\\/\\\/secure.gravatar.com\\\/avatar\\\/4d7d631e0d0bdf9fab177c2fcb6606aaa2c413bc7883f41a5db04e4e8d83edce?s=96&d=mm&r=g\",\"contentUrl\":\"https:\\\/\\\/secure.gravatar.com\\\/avatar\\\/4d7d631e0d0bdf9fab177c2fcb6606aaa2c413bc7883f41a5db04e4e8d83edce?s=96&d=mm&r=g\",\"caption\":\"Benjamin Breny\"},\"sameAs\":[\"http:\\\/\\\/carcostadvisor.com\"],\"url\":\"https:\\\/\\\/carcostadvisor.com\\\/fr\\\/blog\\\/author\\\/benjaminbreny\\\/\"}]}<\/script>\n<!-- \/ Yoast SEO plugin. -->","yoast_head_json":{"title":"Nouveaux tarifs CREG \u00e0 partir du 1er avril 2025 pour le remboursement de l'\u00e9lectricit\u00e9 factur\u00e9e \u00e0 domicile - Car Cost Advisor","robots":{"index":"index","follow":"follow","max-snippet":"max-snippet:-1","max-image-preview":"max-image-preview:large","max-video-preview":"max-video-preview:-1"},"canonical":"https:\/\/carcostadvisor.com\/fr\/blog\/nouveaux-tarifs-creg-a-partir-du-1er-avril-2025-pour-le-remboursement-de-lelectricite-facturee-a-domicile\/","og_locale":"fr_FR","og_type":"article","og_title":"Nouveaux tarifs CREG \u00e0 partir du 1er avril 2025 pour le remboursement de l'\u00e9lectricit\u00e9 factur\u00e9e \u00e0 domicile - Car Cost Advisor","og_description":"Le 5 d\u00e9cembre 2024, le SPF Finances a publi\u00e9 une circulaire fiscale relative au remboursement des frais d&rsquo;\u00e9lectricit\u00e9 domestique pour les voitures de soci\u00e9t\u00e9. Cette circulaire permet aux entreprises et aux employeurs d&rsquo;utiliser les tarifs de la CREG pour le remboursement des frais de recharge. Modifications des tarifs de la CREG pour le 2e trimestre [&hellip;]","og_url":"https:\/\/carcostadvisor.com\/fr\/blog\/nouveaux-tarifs-creg-a-partir-du-1er-avril-2025-pour-le-remboursement-de-lelectricite-facturee-a-domicile\/","og_site_name":"Car Cost Advisor","article_published_time":"2025-04-07T09:36:21+00:00","article_modified_time":"2025-05-05T15:41:40+00:00","og_image":[{"width":1200,"height":675,"url":"https:\/\/carcostadvisor.com\/wp-content\/uploads\/2025\/04\/1200x1200-smart-fit-85.png","type":"image\/png"}],"author":"Benjamin Breny","twitter_card":"summary_large_image","twitter_misc":{"\u00c9crit par":"Benjamin Breny","Dur\u00e9e de lecture estim\u00e9e":"2 minutes"},"schema":{"@context":"https:\/\/schema.org","@graph":[{"@type":"Article","@id":"https:\/\/carcostadvisor.com\/fr\/blog\/nouveaux-tarifs-creg-a-partir-du-1er-avril-2025-pour-le-remboursement-de-lelectricite-facturee-a-domicile\/#article","isPartOf":{"@id":"https:\/\/carcostadvisor.com\/fr\/blog\/nouveaux-tarifs-creg-a-partir-du-1er-avril-2025-pour-le-remboursement-de-lelectricite-facturee-a-domicile\/"},"author":{"name":"Benjamin Breny","@id":"https:\/\/carcostadvisor.com\/fr\/#\/schema\/person\/3821ebd01c15edc79fe481b1cc9daf64"},"headline":"Nouveaux tarifs CREG \u00e0 partir du 1er avril 2025 pour le remboursement de l&rsquo;\u00e9lectricit\u00e9 factur\u00e9e \u00e0 domicile","datePublished":"2025-04-07T09:36:21+00:00","dateModified":"2025-05-05T15:41:40+00:00","mainEntityOfPage":{"@id":"https:\/\/carcostadvisor.com\/fr\/blog\/nouveaux-tarifs-creg-a-partir-du-1er-avril-2025-pour-le-remboursement-de-lelectricite-facturee-a-domicile\/"},"wordCount":449,"publisher":{"@id":"https:\/\/carcostadvisor.com\/fr\/#organization"},"image":{"@id":"https:\/\/carcostadvisor.com\/fr\/blog\/nouveaux-tarifs-creg-a-partir-du-1er-avril-2025-pour-le-remboursement-de-lelectricite-facturee-a-domicile\/#primaryimage"},"thumbnailUrl":"https:\/\/carcostadvisor.com\/wp-content\/uploads\/2025\/04\/1200x1200-smart-fit-85.png","articleSection":["Fiscalit\u00e9"],"inLanguage":"fr-FR"},{"@type":"WebPage","@id":"https:\/\/carcostadvisor.com\/fr\/blog\/nouveaux-tarifs-creg-a-partir-du-1er-avril-2025-pour-le-remboursement-de-lelectricite-facturee-a-domicile\/","url":"https:\/\/carcostadvisor.com\/fr\/blog\/nouveaux-tarifs-creg-a-partir-du-1er-avril-2025-pour-le-remboursement-de-lelectricite-facturee-a-domicile\/","name":"Nouveaux tarifs CREG \u00e0 partir du 1er avril 2025 pour le remboursement de l'\u00e9lectricit\u00e9 factur\u00e9e \u00e0 domicile - Car Cost Advisor","isPartOf":{"@id":"https:\/\/carcostadvisor.com\/fr\/#website"},"primaryImageOfPage":{"@id":"https:\/\/carcostadvisor.com\/fr\/blog\/nouveaux-tarifs-creg-a-partir-du-1er-avril-2025-pour-le-remboursement-de-lelectricite-facturee-a-domicile\/#primaryimage"},"image":{"@id":"https:\/\/carcostadvisor.com\/fr\/blog\/nouveaux-tarifs-creg-a-partir-du-1er-avril-2025-pour-le-remboursement-de-lelectricite-facturee-a-domicile\/#primaryimage"},"thumbnailUrl":"https:\/\/carcostadvisor.com\/wp-content\/uploads\/2025\/04\/1200x1200-smart-fit-85.png","datePublished":"2025-04-07T09:36:21+00:00","dateModified":"2025-05-05T15:41:40+00:00","breadcrumb":{"@id":"https:\/\/carcostadvisor.com\/fr\/blog\/nouveaux-tarifs-creg-a-partir-du-1er-avril-2025-pour-le-remboursement-de-lelectricite-facturee-a-domicile\/#breadcrumb"},"inLanguage":"fr-FR","potentialAction":[{"@type":"ReadAction","target":["https:\/\/carcostadvisor.com\/fr\/blog\/nouveaux-tarifs-creg-a-partir-du-1er-avril-2025-pour-le-remboursement-de-lelectricite-facturee-a-domicile\/"]}]},{"@type":"ImageObject","inLanguage":"fr-FR","@id":"https:\/\/carcostadvisor.com\/fr\/blog\/nouveaux-tarifs-creg-a-partir-du-1er-avril-2025-pour-le-remboursement-de-lelectricite-facturee-a-domicile\/#primaryimage","url":"https:\/\/carcostadvisor.com\/wp-content\/uploads\/2025\/04\/1200x1200-smart-fit-85.png","contentUrl":"https:\/\/carcostadvisor.com\/wp-content\/uploads\/2025\/04\/1200x1200-smart-fit-85.png","width":1200,"height":675},{"@type":"BreadcrumbList","@id":"https:\/\/carcostadvisor.com\/fr\/blog\/nouveaux-tarifs-creg-a-partir-du-1er-avril-2025-pour-le-remboursement-de-lelectricite-facturee-a-domicile\/#breadcrumb","itemListElement":[{"@type":"ListItem","position":1,"name":"Home","item":"https:\/\/carcostadvisor.com\/fr\/"},{"@type":"ListItem","position":2,"name":"Nouveaux tarifs CREG \u00e0 partir du 1er avril 2025 pour le remboursement de l&#8217;\u00e9lectricit\u00e9 factur\u00e9e \u00e0 domicile"}]},{"@type":"WebSite","@id":"https:\/\/carcostadvisor.com\/fr\/#website","url":"https:\/\/carcostadvisor.com\/fr\/","name":"Car Cost Advisor","description":"En nog een WordPress site","publisher":{"@id":"https:\/\/carcostadvisor.com\/fr\/#organization"},"potentialAction":[{"@type":"SearchAction","target":{"@type":"EntryPoint","urlTemplate":"https:\/\/carcostadvisor.com\/fr\/?s={search_term_string}"},"query-input":{"@type":"PropertyValueSpecification","valueRequired":true,"valueName":"search_term_string"}}],"inLanguage":"fr-FR"},{"@type":"Organization","@id":"https:\/\/carcostadvisor.com\/fr\/#organization","name":"Car Cost Advisor","url":"https:\/\/carcostadvisor.com\/fr\/","logo":{"@type":"ImageObject","inLanguage":"fr-FR","@id":"https:\/\/carcostadvisor.com\/fr\/#\/schema\/logo\/image\/","url":"https:\/\/carcostadvisor.com\/wp-content\/uploads\/2020\/01\/cca-logo-big.png","contentUrl":"https:\/\/carcostadvisor.com\/wp-content\/uploads\/2020\/01\/cca-logo-big.png","width":558,"height":558,"caption":"Car Cost Advisor"},"image":{"@id":"https:\/\/carcostadvisor.com\/fr\/#\/schema\/logo\/image\/"}},{"@type":"Person","@id":"https:\/\/carcostadvisor.com\/fr\/#\/schema\/person\/3821ebd01c15edc79fe481b1cc9daf64","name":"Benjamin Breny","image":{"@type":"ImageObject","inLanguage":"fr-FR","@id":"https:\/\/secure.gravatar.com\/avatar\/4d7d631e0d0bdf9fab177c2fcb6606aaa2c413bc7883f41a5db04e4e8d83edce?s=96&d=mm&r=g","url":"https:\/\/secure.gravatar.com\/avatar\/4d7d631e0d0bdf9fab177c2fcb6606aaa2c413bc7883f41a5db04e4e8d83edce?s=96&d=mm&r=g","contentUrl":"https:\/\/secure.gravatar.com\/avatar\/4d7d631e0d0bdf9fab177c2fcb6606aaa2c413bc7883f41a5db04e4e8d83edce?s=96&d=mm&r=g","caption":"Benjamin Breny"},"sameAs":["http:\/\/carcostadvisor.com"],"url":"https:\/\/carcostadvisor.com\/fr\/blog\/author\/benjaminbreny\/"}]}},"_links":{"self":[{"href":"https:\/\/carcostadvisor.com\/fr\/wp-json\/wp\/v2\/posts\/258759","targetHints":{"allow":["GET"]}}],"collection":[{"href":"https:\/\/carcostadvisor.com\/fr\/wp-json\/wp\/v2\/posts"}],"about":[{"href":"https:\/\/carcostadvisor.com\/fr\/wp-json\/wp\/v2\/types\/post"}],"author":[{"embeddable":true,"href":"https:\/\/carcostadvisor.com\/fr\/wp-json\/wp\/v2\/users\/11"}],"replies":[{"embeddable":true,"href":"https:\/\/carcostadvisor.com\/fr\/wp-json\/wp\/v2\/comments?post=258759"}],"version-history":[{"count":2,"href":"https:\/\/carcostadvisor.com\/fr\/wp-json\/wp\/v2\/posts\/258759\/revisions"}],"predecessor-version":[{"id":258761,"href":"https:\/\/carcostadvisor.com\/fr\/wp-json\/wp\/v2\/posts\/258759\/revisions\/258761"}],"wp:featuredmedia":[{"embeddable":true,"href":"https:\/\/carcostadvisor.com\/fr\/wp-json\/wp\/v2\/media\/258750"}],"wp:attachment":[{"href":"https:\/\/carcostadvisor.com\/fr\/wp-json\/wp\/v2\/media?parent=258759"}],"wp:term":[{"taxonomy":"category","embeddable":true,"href":"https:\/\/carcostadvisor.com\/fr\/wp-json\/wp\/v2\/categories?post=258759"},{"taxonomy":"post_tag","embeddable":true,"href":"https:\/\/carcostadvisor.com\/fr\/wp-json\/wp\/v2\/tags?post=258759"},{"taxonomy":"dipi_cpt_category","embeddable":true,"href":"https:\/\/carcostadvisor.com\/fr\/wp-json\/wp\/v2\/dipi_cpt_category?post=258759"}],"curies":[{"name":"wp","href":"https:\/\/api.w.org\/{rel}","templated":true}]}}